{"id":744,"date":"2026-09-03T20:11:12","date_gmt":"2026-09-03T20:11:12","guid":{"rendered":"https:\/\/varelas.com.br\/?p=744"},"modified":"2026-09-03T20:11:13","modified_gmt":"2026-09-03T20:11:13","slug":"transacao-tributaria-uma-possibilidade-para-reorganizar-o-passivo","status":"publish","type":"post","link":"https:\/\/varelas.com.br\/index.php\/2026\/09\/03\/transacao-tributaria-uma-possibilidade-para-reorganizar-o-passivo\/","title":{"rendered":"Transa\u00e7\u00e3o Tribut\u00e1ria: uma possibilidade para reorganizar o passivo"},"content":{"rendered":"\n<p class=\"wp-block-paragraph\">A Transa\u00e7\u00e3o Tribut\u00e1ria \u00e9 um instrumento previsto na legisla\u00e7\u00e3o brasileira que possibilita a negocia\u00e7\u00e3o de determinados d\u00e9bitos tribut\u00e1rios entre contribuinte e Poder P\u00fablico.<\/p>\n\n\n\n<p class=\"wp-block-paragraph\">Dependendo do enquadramento, da natureza da d\u00edvida e das condi\u00e7\u00f5es previstas na modalidade dispon\u00edvel, a negocia\u00e7\u00e3o pode envolver:<\/p>\n\n\n\n<h3 class=\"wp-block-heading\">Redu\u00e7\u00e3o de encargos<\/h3>\n\n\n\n<p class=\"wp-block-paragraph\">Possibilidade de descontos sobre <strong>juros, multas e encargos legais<\/strong>, conforme os crit\u00e9rios aplic\u00e1veis \u00e0 negocia\u00e7\u00e3o.<\/p>\n\n\n\n<h3 class=\"wp-block-heading\">Condi\u00e7\u00f5es diferenciadas de pagamento<\/h3>\n\n\n\n<p class=\"wp-block-paragraph\">Modalidades que podem permitir a reorganiza\u00e7\u00e3o do passivo em condi\u00e7\u00f5es mais adequadas \u00e0 capacidade financeira da empresa.<\/p>\n\n\n\n<h3 class=\"wp-block-heading\">Regulariza\u00e7\u00e3o fiscal<\/h3>\n\n\n\n<p class=\"wp-block-paragraph\">Uma estrat\u00e9gia estruturada pode contribuir para que a empresa avance na regulariza\u00e7\u00e3o de pend\u00eancias e recupere maior previsibilidade.<\/p>\n\n\n\n<h3 class=\"wp-block-heading\">Reorganiza\u00e7\u00e3o financeira<\/h3>\n\n\n\n<p class=\"wp-block-paragraph\">Reduzir a press\u00e3o provocada pelo passivo fiscal pode ser um passo importante dentro de uma estrat\u00e9gia mais ampla de recupera\u00e7\u00e3o financeira.<\/p>\n\n\n\n<p class=\"wp-block-paragraph\">O <strong>Varelas Advogados Associados<\/strong> pode avaliar a situa\u00e7\u00e3o tribut\u00e1ria da empresa e identificar as alternativas jur\u00eddicas dispon\u00edveis para buscar uma regulariza\u00e7\u00e3o estruturada e segura.<\/p>\n","protected":false},"excerpt":{"rendered":"<p>A Transa\u00e7\u00e3o Tribut\u00e1ria \u00e9 um instrumento previsto na legisla\u00e7\u00e3o brasileira que possibilita a negocia\u00e7\u00e3o de determinados d\u00e9bitos tribut\u00e1rios entre contribuinte e Poder P\u00fablico. Dependendo do enquadramento, da natureza da d\u00edvida e das condi\u00e7\u00f5es previstas na modalidade dispon\u00edvel, a negocia\u00e7\u00e3o pode envolver: Redu\u00e7\u00e3o de encargos Possibilidade de descontos sobre juros, multas e encargos legais, conforme os [&hellip;]<\/p>\n","protected":false},"author":2,"featured_media":706,"comment_status":"closed","ping_status":"closed","sticky":false,"template":"","format":"standard","meta":{"footnotes":""},"categories":[1],"tags":[],"class_list":["post-744","post","type-post","status-publish","format-standard","has-post-thumbnail","hentry","category-uncategorized"],"yoast_head":"<!-- This site is optimized with the Yoast SEO plugin v26.9 - https:\/\/yoast.com\/product\/yoast-seo-wordpress\/ -->\n<title>Transa\u00e7\u00e3o Tribut\u00e1ria: uma possibilidade para reorganizar o passivo - Varelas Advogados Associados<\/title>\n<meta name=\"robots\" content=\"index, follow, max-snippet:-1, max-image-preview:large, max-video-preview:-1\" \/>\n<link rel=\"canonical\" href=\"https:\/\/varelas.com.br\/index.php\/2026\/09\/03\/transacao-tributaria-uma-possibilidade-para-reorganizar-o-passivo\/\" \/>\n<meta property=\"og:locale\" content=\"pt_BR\" \/>\n<meta property=\"og:type\" content=\"article\" \/>\n<meta property=\"og:title\" content=\"Transa\u00e7\u00e3o Tribut\u00e1ria: uma possibilidade para reorganizar o passivo - Varelas Advogados Associados\" \/>\n<meta property=\"og:description\" content=\"A Transa\u00e7\u00e3o Tribut\u00e1ria \u00e9 um instrumento previsto na legisla\u00e7\u00e3o brasileira que possibilita a negocia\u00e7\u00e3o de determinados d\u00e9bitos tribut\u00e1rios entre contribuinte e Poder P\u00fablico. Dependendo do enquadramento, da natureza da d\u00edvida e das condi\u00e7\u00f5es previstas na modalidade dispon\u00edvel, a negocia\u00e7\u00e3o pode envolver: Redu\u00e7\u00e3o de encargos Possibilidade de descontos sobre juros, multas e encargos legais, conforme os [&hellip;]\" \/>\n<meta property=\"og:url\" content=\"https:\/\/varelas.com.br\/index.php\/2026\/09\/03\/transacao-tributaria-uma-possibilidade-para-reorganizar-o-passivo\/\" \/>\n<meta property=\"og:site_name\" content=\"Varelas Advogados Associados\" \/>\n<meta property=\"article:publisher\" content=\"https:\/\/www.facebook.com\/profile.php?id=100094044020224\" \/>\n<meta property=\"article:published_time\" content=\"2026-09-03T20:11:12+00:00\" \/>\n<meta property=\"article:modified_time\" content=\"2026-09-03T20:11:13+00:00\" \/>\n<meta property=\"og:image\" content=\"https:\/\/varelas.com.br\/wp-content\/uploads\/2026\/09\/transacaotributaria_chamada.webp\" \/>\n\t<meta property=\"og:image:width\" content=\"2560\" \/>\n\t<meta property=\"og:image:height\" content=\"1707\" \/>\n\t<meta property=\"og:image:type\" content=\"image\/webp\" \/>\n<meta name=\"author\" content=\"FRMIDIA\" \/>\n<meta name=\"twitter:card\" content=\"summary_large_image\" \/>\n<meta name=\"twitter:label1\" content=\"Escrito por\" \/>\n\t<meta name=\"twitter:data1\" content=\"FRMIDIA\" \/>\n\t<meta name=\"twitter:label2\" content=\"Est. tempo de leitura\" \/>\n\t<meta name=\"twitter:data2\" content=\"2 minutos\" \/>\n<script type=\"application\/ld+json\" class=\"yoast-schema-graph\">{\"@context\":\"https:\/\/schema.org\",\"@graph\":[{\"@type\":\"Article\",\"@id\":\"https:\/\/varelas.com.br\/index.php\/2026\/09\/03\/transacao-tributaria-uma-possibilidade-para-reorganizar-o-passivo\/#article\",\"isPartOf\":{\"@id\":\"https:\/\/varelas.com.br\/index.php\/2026\/09\/03\/transacao-tributaria-uma-possibilidade-para-reorganizar-o-passivo\/\"},\"author\":{\"name\":\"FRMIDIA\",\"@id\":\"https:\/\/varelas.com.br\/#\/schema\/person\/ca82743bc3f6cc3f70fe13fba9ff1b18\"},\"headline\":\"Transa\u00e7\u00e3o Tribut\u00e1ria: uma possibilidade para reorganizar o passivo\",\"datePublished\":\"2026-09-03T20:11:12+00:00\",\"dateModified\":\"2026-09-03T20:11:13+00:00\",\"mainEntityOfPage\":{\"@id\":\"https:\/\/varelas.com.br\/index.php\/2026\/09\/03\/transacao-tributaria-uma-possibilidade-para-reorganizar-o-passivo\/\"},\"wordCount\":185,\"publisher\":{\"@id\":\"https:\/\/varelas.com.br\/#organization\"},\"image\":{\"@id\":\"https:\/\/varelas.com.br\/index.php\/2026\/09\/03\/transacao-tributaria-uma-possibilidade-para-reorganizar-o-passivo\/#primaryimage\"},\"thumbnailUrl\":\"https:\/\/varelas.com.br\/wp-content\/uploads\/2026\/09\/transacaotributaria_chamada.webp\",\"articleSection\":[\"Uncategorized\"],\"inLanguage\":\"pt-BR\"},{\"@type\":\"WebPage\",\"@id\":\"https:\/\/varelas.com.br\/index.php\/2026\/09\/03\/transacao-tributaria-uma-possibilidade-para-reorganizar-o-passivo\/\",\"url\":\"https:\/\/varelas.com.br\/index.php\/2026\/09\/03\/transacao-tributaria-uma-possibilidade-para-reorganizar-o-passivo\/\",\"name\":\"Transa\u00e7\u00e3o Tribut\u00e1ria: uma possibilidade para reorganizar o passivo - Varelas Advogados Associados\",\"isPartOf\":{\"@id\":\"https:\/\/varelas.com.br\/#website\"},\"primaryImageOfPage\":{\"@id\":\"https:\/\/varelas.com.br\/index.php\/2026\/09\/03\/transacao-tributaria-uma-possibilidade-para-reorganizar-o-passivo\/#primaryimage\"},\"image\":{\"@id\":\"https:\/\/varelas.com.br\/index.php\/2026\/09\/03\/transacao-tributaria-uma-possibilidade-para-reorganizar-o-passivo\/#primaryimage\"},\"thumbnailUrl\":\"https:\/\/varelas.com.br\/wp-content\/uploads\/2026\/09\/transacaotributaria_chamada.webp\",\"datePublished\":\"2026-09-03T20:11:12+00:00\",\"dateModified\":\"2026-09-03T20:11:13+00:00\",\"breadcrumb\":{\"@id\":\"https:\/\/varelas.com.br\/index.php\/2026\/09\/03\/transacao-tributaria-uma-possibilidade-para-reorganizar-o-passivo\/#breadcrumb\"},\"inLanguage\":\"pt-BR\",\"potentialAction\":[{\"@type\":\"ReadAction\",\"target\":[\"https:\/\/varelas.com.br\/index.php\/2026\/09\/03\/transacao-tributaria-uma-possibilidade-para-reorganizar-o-passivo\/\"]}]},{\"@type\":\"ImageObject\",\"inLanguage\":\"pt-BR\",\"@id\":\"https:\/\/varelas.com.br\/index.php\/2026\/09\/03\/transacao-tributaria-uma-possibilidade-para-reorganizar-o-passivo\/#primaryimage\",\"url\":\"https:\/\/varelas.com.br\/wp-content\/uploads\/2026\/09\/transacaotributaria_chamada.webp\",\"contentUrl\":\"https:\/\/varelas.com.br\/wp-content\/uploads\/2026\/09\/transacaotributaria_chamada.webp\",\"width\":2560,\"height\":1707},{\"@type\":\"BreadcrumbList\",\"@id\":\"https:\/\/varelas.com.br\/index.php\/2026\/09\/03\/transacao-tributaria-uma-possibilidade-para-reorganizar-o-passivo\/#breadcrumb\",\"itemListElement\":[{\"@type\":\"ListItem\",\"position\":1,\"name\":\"In\u00edcio\",\"item\":\"https:\/\/varelas.com.br\/\"},{\"@type\":\"ListItem\",\"position\":2,\"name\":\"Transa\u00e7\u00e3o Tribut\u00e1ria: uma possibilidade para reorganizar o passivo\"}]},{\"@type\":\"WebSite\",\"@id\":\"https:\/\/varelas.com.br\/#website\",\"url\":\"https:\/\/varelas.com.br\/\",\"name\":\"Varelas Advogados Associados\",\"description\":\"Assessoria &amp; Consultoria Jur\u00eddica Empresarial\",\"publisher\":{\"@id\":\"https:\/\/varelas.com.br\/#organization\"},\"potentialAction\":[{\"@type\":\"SearchAction\",\"target\":{\"@type\":\"EntryPoint\",\"urlTemplate\":\"https:\/\/varelas.com.br\/?s={search_term_string}\"},\"query-input\":{\"@type\":\"PropertyValueSpecification\",\"valueRequired\":true,\"valueName\":\"search_term_string\"}}],\"inLanguage\":\"pt-BR\"},{\"@type\":\"Organization\",\"@id\":\"https:\/\/varelas.com.br\/#organization\",\"name\":\"Varelas Advogados Associados\",\"url\":\"https:\/\/varelas.com.br\/\",\"logo\":{\"@type\":\"ImageObject\",\"inLanguage\":\"pt-BR\",\"@id\":\"https:\/\/varelas.com.br\/#\/schema\/logo\/image\/\",\"url\":\"https:\/\/varelas.com.br\/wp-content\/uploads\/2025\/09\/logo-varelas_advogadosassociados.png\",\"contentUrl\":\"https:\/\/varelas.com.br\/wp-content\/uploads\/2025\/09\/logo-varelas_advogadosassociados.png\",\"width\":1094,\"height\":330,\"caption\":\"Varelas Advogados Associados\"},\"image\":{\"@id\":\"https:\/\/varelas.com.br\/#\/schema\/logo\/image\/\"},\"sameAs\":[\"https:\/\/www.facebook.com\/profile.php?id=100094044020224\",\"https:\/\/www.instagram.com\/varelas.advogados\/\"]},{\"@type\":\"Person\",\"@id\":\"https:\/\/varelas.com.br\/#\/schema\/person\/ca82743bc3f6cc3f70fe13fba9ff1b18\",\"name\":\"FRMIDIA\",\"image\":{\"@type\":\"ImageObject\",\"inLanguage\":\"pt-BR\",\"@id\":\"https:\/\/varelas.com.br\/#\/schema\/person\/image\/\",\"url\":\"https:\/\/secure.gravatar.com\/avatar\/b0ab21a1e54e95b39ac24ffc10149a642dc8e452c077fa4882e5469725a91b40?s=96&d=mm&r=g\",\"contentUrl\":\"https:\/\/secure.gravatar.com\/avatar\/b0ab21a1e54e95b39ac24ffc10149a642dc8e452c077fa4882e5469725a91b40?s=96&d=mm&r=g\",\"caption\":\"FRMIDIA\"},\"url\":\"https:\/\/varelas.com.br\/index.php\/author\/frmidia\/\"}]}<\/script>\n<!-- \/ Yoast SEO plugin. -->","yoast_head_json":{"title":"Transa\u00e7\u00e3o Tribut\u00e1ria: uma possibilidade para reorganizar o passivo - Varelas Advogados Associados","robots":{"index":"index","follow":"follow","max-snippet":"max-snippet:-1","max-image-preview":"max-image-preview:large","max-video-preview":"max-video-preview:-1"},"canonical":"https:\/\/varelas.com.br\/index.php\/2026\/09\/03\/transacao-tributaria-uma-possibilidade-para-reorganizar-o-passivo\/","og_locale":"pt_BR","og_type":"article","og_title":"Transa\u00e7\u00e3o Tribut\u00e1ria: uma possibilidade para reorganizar o passivo - Varelas Advogados Associados","og_description":"A Transa\u00e7\u00e3o Tribut\u00e1ria \u00e9 um instrumento previsto na legisla\u00e7\u00e3o brasileira que possibilita a negocia\u00e7\u00e3o de determinados d\u00e9bitos tribut\u00e1rios entre contribuinte e Poder P\u00fablico. Dependendo do enquadramento, da natureza da d\u00edvida e das condi\u00e7\u00f5es previstas na modalidade dispon\u00edvel, a negocia\u00e7\u00e3o pode envolver: Redu\u00e7\u00e3o de encargos Possibilidade de descontos sobre juros, multas e encargos legais, conforme os [&hellip;]","og_url":"https:\/\/varelas.com.br\/index.php\/2026\/09\/03\/transacao-tributaria-uma-possibilidade-para-reorganizar-o-passivo\/","og_site_name":"Varelas Advogados Associados","article_publisher":"https:\/\/www.facebook.com\/profile.php?id=100094044020224","article_published_time":"2026-09-03T20:11:12+00:00","article_modified_time":"2026-09-03T20:11:13+00:00","og_image":[{"width":2560,"height":1707,"url":"https:\/\/varelas.com.br\/wp-content\/uploads\/2026\/09\/transacaotributaria_chamada.webp","type":"image\/webp"}],"author":"FRMIDIA","twitter_card":"summary_large_image","twitter_misc":{"Escrito por":"FRMIDIA","Est. tempo de leitura":"2 minutos"},"schema":{"@context":"https:\/\/schema.org","@graph":[{"@type":"Article","@id":"https:\/\/varelas.com.br\/index.php\/2026\/09\/03\/transacao-tributaria-uma-possibilidade-para-reorganizar-o-passivo\/#article","isPartOf":{"@id":"https:\/\/varelas.com.br\/index.php\/2026\/09\/03\/transacao-tributaria-uma-possibilidade-para-reorganizar-o-passivo\/"},"author":{"name":"FRMIDIA","@id":"https:\/\/varelas.com.br\/#\/schema\/person\/ca82743bc3f6cc3f70fe13fba9ff1b18"},"headline":"Transa\u00e7\u00e3o Tribut\u00e1ria: uma possibilidade para reorganizar o passivo","datePublished":"2026-09-03T20:11:12+00:00","dateModified":"2026-09-03T20:11:13+00:00","mainEntityOfPage":{"@id":"https:\/\/varelas.com.br\/index.php\/2026\/09\/03\/transacao-tributaria-uma-possibilidade-para-reorganizar-o-passivo\/"},"wordCount":185,"publisher":{"@id":"https:\/\/varelas.com.br\/#organization"},"image":{"@id":"https:\/\/varelas.com.br\/index.php\/2026\/09\/03\/transacao-tributaria-uma-possibilidade-para-reorganizar-o-passivo\/#primaryimage"},"thumbnailUrl":"https:\/\/varelas.com.br\/wp-content\/uploads\/2026\/09\/transacaotributaria_chamada.webp","articleSection":["Uncategorized"],"inLanguage":"pt-BR"},{"@type":"WebPage","@id":"https:\/\/varelas.com.br\/index.php\/2026\/09\/03\/transacao-tributaria-uma-possibilidade-para-reorganizar-o-passivo\/","url":"https:\/\/varelas.com.br\/index.php\/2026\/09\/03\/transacao-tributaria-uma-possibilidade-para-reorganizar-o-passivo\/","name":"Transa\u00e7\u00e3o Tribut\u00e1ria: uma possibilidade para reorganizar o passivo - Varelas Advogados Associados","isPartOf":{"@id":"https:\/\/varelas.com.br\/#website"},"primaryImageOfPage":{"@id":"https:\/\/varelas.com.br\/index.php\/2026\/09\/03\/transacao-tributaria-uma-possibilidade-para-reorganizar-o-passivo\/#primaryimage"},"image":{"@id":"https:\/\/varelas.com.br\/index.php\/2026\/09\/03\/transacao-tributaria-uma-possibilidade-para-reorganizar-o-passivo\/#primaryimage"},"thumbnailUrl":"https:\/\/varelas.com.br\/wp-content\/uploads\/2026\/09\/transacaotributaria_chamada.webp","datePublished":"2026-09-03T20:11:12+00:00","dateModified":"2026-09-03T20:11:13+00:00","breadcrumb":{"@id":"https:\/\/varelas.com.br\/index.php\/2026\/09\/03\/transacao-tributaria-uma-possibilidade-para-reorganizar-o-passivo\/#breadcrumb"},"inLanguage":"pt-BR","potentialAction":[{"@type":"ReadAction","target":["https:\/\/varelas.com.br\/index.php\/2026\/09\/03\/transacao-tributaria-uma-possibilidade-para-reorganizar-o-passivo\/"]}]},{"@type":"ImageObject","inLanguage":"pt-BR","@id":"https:\/\/varelas.com.br\/index.php\/2026\/09\/03\/transacao-tributaria-uma-possibilidade-para-reorganizar-o-passivo\/#primaryimage","url":"https:\/\/varelas.com.br\/wp-content\/uploads\/2026\/09\/transacaotributaria_chamada.webp","contentUrl":"https:\/\/varelas.com.br\/wp-content\/uploads\/2026\/09\/transacaotributaria_chamada.webp","width":2560,"height":1707},{"@type":"BreadcrumbList","@id":"https:\/\/varelas.com.br\/index.php\/2026\/09\/03\/transacao-tributaria-uma-possibilidade-para-reorganizar-o-passivo\/#breadcrumb","itemListElement":[{"@type":"ListItem","position":1,"name":"In\u00edcio","item":"https:\/\/varelas.com.br\/"},{"@type":"ListItem","position":2,"name":"Transa\u00e7\u00e3o Tribut\u00e1ria: uma possibilidade para reorganizar o passivo"}]},{"@type":"WebSite","@id":"https:\/\/varelas.com.br\/#website","url":"https:\/\/varelas.com.br\/","name":"Varelas Advogados Associados","description":"Assessoria &amp; Consultoria Jur\u00eddica Empresarial","publisher":{"@id":"https:\/\/varelas.com.br\/#organization"},"potentialAction":[{"@type":"SearchAction","target":{"@type":"EntryPoint","urlTemplate":"https:\/\/varelas.com.br\/?s={search_term_string}"},"query-input":{"@type":"PropertyValueSpecification","valueRequired":true,"valueName":"search_term_string"}}],"inLanguage":"pt-BR"},{"@type":"Organization","@id":"https:\/\/varelas.com.br\/#organization","name":"Varelas Advogados Associados","url":"https:\/\/varelas.com.br\/","logo":{"@type":"ImageObject","inLanguage":"pt-BR","@id":"https:\/\/varelas.com.br\/#\/schema\/logo\/image\/","url":"https:\/\/varelas.com.br\/wp-content\/uploads\/2025\/09\/logo-varelas_advogadosassociados.png","contentUrl":"https:\/\/varelas.com.br\/wp-content\/uploads\/2025\/09\/logo-varelas_advogadosassociados.png","width":1094,"height":330,"caption":"Varelas Advogados Associados"},"image":{"@id":"https:\/\/varelas.com.br\/#\/schema\/logo\/image\/"},"sameAs":["https:\/\/www.facebook.com\/profile.php?id=100094044020224","https:\/\/www.instagram.com\/varelas.advogados\/"]},{"@type":"Person","@id":"https:\/\/varelas.com.br\/#\/schema\/person\/ca82743bc3f6cc3f70fe13fba9ff1b18","name":"FRMIDIA","image":{"@type":"ImageObject","inLanguage":"pt-BR","@id":"https:\/\/varelas.com.br\/#\/schema\/person\/image\/","url":"https:\/\/secure.gravatar.com\/avatar\/b0ab21a1e54e95b39ac24ffc10149a642dc8e452c077fa4882e5469725a91b40?s=96&d=mm&r=g","contentUrl":"https:\/\/secure.gravatar.com\/avatar\/b0ab21a1e54e95b39ac24ffc10149a642dc8e452c077fa4882e5469725a91b40?s=96&d=mm&r=g","caption":"FRMIDIA"},"url":"https:\/\/varelas.com.br\/index.php\/author\/frmidia\/"}]}},"_links":{"self":[{"href":"https:\/\/varelas.com.br\/index.php\/wp-json\/wp\/v2\/posts\/744","targetHints":{"allow":["GET"]}}],"collection":[{"href":"https:\/\/varelas.com.br\/index.php\/wp-json\/wp\/v2\/posts"}],"about":[{"href":"https:\/\/varelas.com.br\/index.php\/wp-json\/wp\/v2\/types\/post"}],"author":[{"embeddable":true,"href":"https:\/\/varelas.com.br\/index.php\/wp-json\/wp\/v2\/users\/2"}],"replies":[{"embeddable":true,"href":"https:\/\/varelas.com.br\/index.php\/wp-json\/wp\/v2\/comments?post=744"}],"version-history":[{"count":1,"href":"https:\/\/varelas.com.br\/index.php\/wp-json\/wp\/v2\/posts\/744\/revisions"}],"predecessor-version":[{"id":746,"href":"https:\/\/varelas.com.br\/index.php\/wp-json\/wp\/v2\/posts\/744\/revisions\/746"}],"wp:featuredmedia":[{"embeddable":true,"href":"https:\/\/varelas.com.br\/index.php\/wp-json\/wp\/v2\/media\/706"}],"wp:attachment":[{"href":"https:\/\/varelas.com.br\/index.php\/wp-json\/wp\/v2\/media?parent=744"}],"wp:term":[{"taxonomy":"category","embeddable":true,"href":"https:\/\/varelas.com.br\/index.php\/wp-json\/wp\/v2\/categories?post=744"},{"taxonomy":"post_tag","embeddable":true,"href":"https:\/\/varelas.com.br\/index.php\/wp-json\/wp\/v2\/tags?post=744"}],"curies":[{"name":"wp","href":"https:\/\/api.w.org\/{rel}","templated":true}]}}